{"id":134732,"date":"2025-10-02T04:03:22","date_gmt":"2025-10-02T04:03:22","guid":{"rendered":"http:\/\/indiansojourns.in\/?p=134732"},"modified":"2025-10-02T04:03:24","modified_gmt":"2025-10-02T04:03:24","slug":"vuelta-2024-16-utvonal-luanco-lagos-de-covadonga","status":"publish","type":"post","link":"http:\/\/indiansojourns.in\/?p=134732","title":{"rendered":"Vuelta 2024 16. \u00fatvonal: Luanco Lagos de Covadonga"},"content":{"rendered":"<div id=\"toc\" style=\"background: #f9f9f9;border: 1px solid #aaa;display: table;margin-bottom: 1em;padding: 1em;width: 350px;\">\n<p class=\"toctitle\" style=\"font-weight: 700;text-align: center;\">Bejegyz\u00e9sek<\/p>\n<ul class=\"toc_list\">\n<li><a href=\"#toc-0\">William hill es\u00e9ly &#8211; Vuelta a good Espa\u00f1a 2024 16. szakasz: \u00fatvonalak, profilok, filmek<\/a><\/li>\n<li><a href=\"#toc-1\">Az id\u0151 utols\u00f3 felemelked\u00e9s\u00e9t t\u00e1madva, hosszan tart\u00f3 t\u00e1mad\u00e1s<\/a><\/li>\n<li><a href=\"#toc-2\">Van Rysel Speed \u200b\u200bdos Enough time Sleeve feet coating v\u00e9lem\u00e9ny: A befektet\u00e9si m\u00e1rka a tapasztalt emberekre specializ\u00e1l\u00f3dott<\/a><\/li>\n<\/ul>\n<\/div>\n<p>Lehet, hogy az\u00e9rt rohan, hogy f\u00e1kat \u00fcltessen egy andal\u00faziai bioparkban, ahol minden egyes kilom\u00e9ter, amit a szakad\u00e9kb\u00f3l elhagy, egy \u00fcltetett erd\u0151t jelent. A Vuelta szervez\u0151i az Euskaltel-Euskadi csapat\u00e1val egy\u00fctt t\u00e1mogatj\u00e1k az \u00faj er\u0151fesz\u00edt\u00e9seket. <!--more--> A mai szakasz az els\u0151 az \u00fcnnep alatt, amelyen a 38 \u00e9ves Mat\u00e9 is r\u00e9szt vesz.<\/p>\n<ul>\n<li>A sr\u00e1c kem\u00e9nyen megjelent a szalaggal, amiben m\u00e9g valaki m\u00e1s is volt, er\u0151s bemetsz\u00e9seket tartva a jobb l\u00e1b\u00e1n.<\/li>\n<li>Bizonyos szempontb\u00f3l a sr\u00e1c sikerrel is j\u00e1r, az ausztr\u00e1l tartja a v\u00f6r\u00f6ses mezt, amiben j\u00f3 5 m\u00e1sodperces el\u0151nnyel rendelkezik Roglic el\u0151tt.<\/li>\n<li>Az \u00faj sz\u00f6k\u00e9sben l\u00e9v\u0151 versenyz\u0151 m\u00e1sik fele, Ander Okamika, m\u00e1r h\u00e1romszor is az els\u0151 sorban v\u00e9gezhetett volna ezen a Vuelt\u00e1n, a 3., cuatro \u00e9s 13. szinteken.<\/li>\n<li>Remco Evenepoel tov\u00e1bbra is negat\u00edv m\u00e9rleggel rendelkezik, \u00e9s er\u0151s k\u00f6zvetlen a Primo\u017e Rogli\u010d felett.<\/li>\n<li>Jelenleg a ker\u00e9kp\u00e1rosokig vezet\u0151 \u00f6sszes s\u00edk \u00fatvonal az utols\u00f3 15 km-en bel\u00fcl hegyekbe vezet.<\/li>\n<\/ul>\n<p>Van Aert a domboldalnak zuhant, a legjobb form\u00e1j\u00e1t el\u00e9rve, \u00e9s ma ism\u00e9t megh\u00fazt\u00e1k. Az als\u00f3test\u00e9t fogja, amit egy orvos \u00e1pol, mik\u00f6zben a saj\u00e1t szem\u00e9lyaut\u00f3j\u00e1nak csomagtart\u00f3j\u00e1n \u00fcl. Ma Van Aert a reped\u00e9s elej\u00e9n indul el, hogy ism\u00e9t egyed\u00fcl l\u00e1sson. Van Aert a f\u00e9kje elej\u00e9n, k\u00f6zvetlen\u00fcl azel\u0151tt, hogy a sr\u00e1c egyed\u00fcl elindult volna.<\/p>\n<h2 id=\"toc-0\">William hill es\u00e9ly &#8211; Vuelta a good Espa\u00f1a 2024 16. szakasz: \u00fatvonalak, profilok, filmek<\/h2>\n<p>Poole gyorsan elh\u00fazott, 8,6 km-rel a v\u00e9ge el\u0151tt, \u00e9s m\u00e1r csak Zana tudta \u0151t tartani. Soler ism\u00e9t felfel\u00e9 z\u00e1rt, majd t\u00e1madott, ezzel mag\u00e1hoz vonzva Poole-t. T\u00edz motoros k\u00f6vetkezett, akiknek ak\u00e1r 150 km-es t\u00e1vjuk is volt. Van Aert r\u00f6gt\u00f6n a kezdetek ut\u00e1n t\u00e1madott, de gyorsan belev\u00e1gott egy hib\u00e1ba, Filippo Zan\u00e1val (Party Jayco Alula) \u00e9s Laurens Huysszal (Ark\u00e9a-B&amp;B Accommodations) megel\u0151zve. Ami Solert illeti, a keddi, tervezett motoroz\u00e1sa meghozta az els\u0151 gy\u0151zelm\u00e9t a 2022-es Vuelta 5. szakasz\u00e1n.<\/p>\n<h2 id=\"toc-1\">Az id\u0151 utols\u00f3 felemelked\u00e9s\u00e9t t\u00e1madva, hosszan tart\u00f3 t\u00e1mad\u00e1s<\/h2>\n<p><img decoding=\"async\" src=\"https:\/\/www.usaonlinecasino.com\/wp-content\/uploads\/2017\/12\/shutterstock_299107145.jpg\" alt=\"william hill es\u00e9ly\" border=\"1\" align=\"left\"><\/p>\n<p>A ker\u00e9kp\u00e1roz\u00e1s egy olyan tev\u00e9kenys\u00e9g, aminek annyi csavarja van a j\u00f6v\u0151b\u0151l, \u00e9s gyakran elt\u00e9rhet\u00fcnk a tan\u00e1csokt\u00f3l, hogy aligha t\u0171nik \u00e9sszer\u0171nek szembesz\u00e1llni a ker\u00e9kp\u00e1rosokkal, akik a munk\u00e1juk sor\u00e1n a saj\u00e1t vallom\u00e1saikat vagy a kor\u00e1bbi \u00e9szrev\u00e9teleiket haszn\u00e1lj\u00e1k fel. Ugyanaz a kellemetlen baleset, s\u00e9r\u00fcl\u00e9sek tri\u00e1zsa k\u00f6vetkezett, <a rel=\"nofollow\" href=\"https:\/\/fogadas-sport.com\/williamhill\/\">william hill es\u00e9ly<\/a> \u00e9s a 2023-as Vuelta an excellent Espa\u00f1a els\u0151 napj\u00e1n, a 2024-es Egyes\u00fclt Arab Em\u00edrs\u00e9gekbeli utaz\u00e1s 2. szakasz\u00e1n ism\u00e9t elfelejthetj\u00fck a Giro d&#39;Italia 2. szakasz\u00e1t. A leg\u00fajabb emelked\u0151 \u00faj b\u00e1zisa hirtelen megk\u00f6zel\u00edt\u00e9st kapott, a Jumbo-Visma, a Movistar \u00e9s a Bora-Hansgrohe vezet a nedves csatorn\u00e1kon a robban\u00e9kony, folyamatos fin\u00e1l\u00e9 el\u0151tt. Az \u00faj mez\u0151ny nem sokkal a vezet\u0151 kateg\u00f3ria h\u00e1tulj\u00e1n v\u00e9gez. Evenepoel \u00e9s Rogli\u010d is megkapj\u00e1k a csapatuk idej\u00e9t.<\/p>\n<h2 id=\"toc-2\">Van Rysel Speed \u200b\u200bdos Enough time Sleeve feet coating v\u00e9lem\u00e9ny: A befektet\u00e9si m\u00e1rka a tapasztalt emberekre specializ\u00e1l\u00f3dott<\/h2>\n<p>\u201eSokat k\u00fczd\u00f6ttem m\u00e1r, de most siker\u00fclt befejeznem\u201d \u2013 mondta Soler. \u201eEz egy hihetetlen\u00fcl j\u00f3 min\u0151s\u00e9g\u0171 sz\u00f6k\u00e9s volt, de tudom, hogy ha f\u00e9lre\u00e1llok, kapok egy es\u00e9lyt. Maximum Poole haszn\u00e1lt, \u00e9s az ar\u00e1ny magas, de megtettem.\u201d James Moultrie egy ez\u00fcst\u00f6z\u00f6tt NCTJ-szerz\u0151, aki 2023-ban \u00fajs\u00e1g\u00edr\u00f3k\u00e9nt csatlakozott a Cyclingnews-hoz, miut\u00e1n eredetileg szabad\u00fasz\u00f3k\u00e9nt nyolc napos szerkeszt\u0151k\u00e9nt szerepelt, ami alatt a sr\u00e1c kiment, \u00e9s bejelentette, hogy az Eurosport, a Rouleur \u00e9s a Bicycling Weekly is szerepelt.<\/p>\n<ul>\n<li>A mai napig m\u00e9g n\u00e9h\u00e1ny versenyz\u0151 indult az \u00faj versenyen, a jelenlegi szakasz el\u0151tt.<\/li>\n<li>A ker\u00e9kp\u00e1roz\u00e1s val\u00f3j\u00e1ban egy olyan sport, amelyet a sors oly sok csavarral hoz, \u00e9s n\u00e9ha ir\u00e1nyt v\u00e1lthatunk, hogy aligha t\u0171nik \u00e9sszer\u0171nek a ker\u00e9kp\u00e1rosokkal szemben\u00e9zni a saj\u00e1t gondolataik alapj\u00e1n, ha nem a karrierj\u00fck kor\u00e1bbi szakasz\u00e1ban tanulunk.<\/li>\n<li>A sr\u00e1c megn\u00f6velte az el\u0151ny\u00e9t a fent eml\u00edtettekben, amelyeket a p\u00e1rjuk szakasz\u00e1nak h\u00e1rom emelked\u0151j\u00e9n szereztek.<\/li>\n<li>Carapaz \u00e9s te, Mas k\u00e9szen \u00e1lltak arra, hogy seg\u00edtsenek fokozni a temp\u00f3t a madridi dobog\u00f3s helyek\u00e9rt folytatott k\u00fczdelemben.<\/li>\n<li>De ennek ellen\u00e9re rendszeresen rep\u00fcl, egym\u00e1st \u00fatk\u00f6zben is, meg a friss kavicsos blogokon is.<\/li>\n<li>Primo\u017e Rogli\u010d (Reddish Bull-Bora-Hansgrohe), Enric Mas (Movistar), Richard Carapaz (EF Education-EasyPost) \u00e9s tal\u00e1n David Gaudu (Groupama-FDJ) is csatlakozott hozz\u00e1, de O&#39;Connor t\u00e1vol tartja mag\u00e1t.<\/li>\n<\/ul>\n<p>A Mirador del Fito 7 kilom\u00e9teres id\u0151eredm\u00e9nnyel \u00e9s 8,1%-os \u00e1tlaggal pr\u00f3b\u00e1lkozik. Az \u00faj motorosok ezut\u00e1n egy r\u00f6vid, oszt\u00e1lyozatlan dombra \u00e9rkeznek, miel\u0151tt \u00e1tkeln\u00e9nek a Canga de Onisnak k\u00f6sz\u00f6nhet\u0151en, az utols\u00f3 emelked\u0151 alj\u00e1n. De ahelyett, hogy a tavakon kor\u00e1n nekiv\u00e1gn\u00e1nak, az \u00faj \u00fatvonal rossz s\u00edkban halad eg\u00e9szen a Collada Llomena l\u00e1b\u00e1ig. Az \u00faj motorosok a legnehezebb oldalon l\u00e9v\u0151 \u00faj emelked\u0151vel k\u00fczdenek meg magukat, ami egy kiv\u00e1l\u00f3 7,6 kilom\u00e9teres menetet jelent, \u00e1tlagosan 9,3%-os meredeks\u00e9ggel. Az \u00faj legnehezebb szakasz \u2013 20 km t\u00f6bb mint 11%-os meredeks\u00e9ggel \u2013 az emelked\u0151 sz\u00edv\u00e9ben fekszik.<\/p>\n<p>Az \u00faj GC-versenyz\u0151k minden egyes \u00f3vatos l\u00e9p\u00e9st megtettek az utols\u00f3 h\u00e9t kilom\u00e9ter el\u0151tt, amikor Mikel Landa (T Rex-Quick-Step) t\u00e1mad\u00e1sba lend\u00fclt. Primo\u017e Rogli\u010d (Red Bull-Bora-Hansgrohe), Enric Mas (Movistar), Richard Carapaz (EF Grade-EasyPost) \u00e9s David Gaudu (Groupama-FDJ) bedobt\u00e1k a labd\u00e1t, de O&#39;Connor elh\u00fazott. Marc Soler (UAE Team Emirates) v\u00e9g\u00fcl megnyerte a 2024-es Vuelta egy szakasz\u00e1t, nagyszer\u0171 Espa\u00f1a-k\u00e9nt, tov\u00e1bbi versenyk\u00e9pes \u00e9s mer\u00e9sz t\u00e1mad\u00e1st ind\u00edtva a Lagos de Covadonga fel\u00e9 vezet\u0151 \u00faton.<\/p>\n<p><img decoding=\"async\" src=\"https:\/\/underdogchance.com\/wp-content\/uploads\/2018\/12\/Betting-course.png\" alt=\"william hill es\u00e9ly\" border=\"0\" align=\"right\" style=\"padding: 10px;\"><\/p>\n<p>\u00cdme egy pillant\u00e1s a mai legut\u00f3bbi emelked\u0151d \u00e9rt\u00e9kel\u00e9s\u00e9re (t\u00f6bb mint 0,5 km a 6,9%-os t\u00e1von). Az \u00fcld\u00f6z\u0151be vev\u0151 \u00faj motorosok megpr\u00f3b\u00e1lj\u00e1k cs\u00f6kkenteni a lemarad\u00e1st, de nem siker\u00fcl. Vine megpr\u00f3b\u00e1lja megel\u0151zni Van Aertet, de a belga k\u00f6nnyed\u00e9n megnyeri az \u00faj versenyt, \u00e9s k\u00f6nnyen megteheti, hogy \u00e1tv\u00e1g a Mirador del Fito tetej\u00e9n. Marc Soler az utols\u00f3 kilom\u00e9teren ind\u00edtja az \u00faj t\u00e1mad\u00e1st az \u00faj emelked\u0151 ut\u00e1n. 20 km van h\u00e1tra a leg\u00fajabb napi els\u0151 emelked\u0151ig, az els\u0151 oszt\u00e1ly\u00fa Mirador del Fit\u00f3ig. A verseny vezet\u0151je, Ben O&#39;Connor technikai probl\u00e9m\u00e1t okoz, \u00e9s r\u00f6vid id\u0151re visszaesik a mez\u0151ny alj\u00e1r\u00f3l, de most m\u00e1r vissza is t\u00e9rhet oda.<\/p>\n<p>A Lagos de Covadonga emelked\u0151 vadonat\u00faj t\u00e1ja k\u00e1pr\u00e1zatos, \u00e9s ugyanez vonatkozik az \u00faj emelked\u0151re is. 12,5 kilom\u00e9ter elegend\u0151 id\u0151vel, \u00e9s 6,9%-os \u00e1tlagsebess\u00e9ggel kell felkapaszkodni, ami igaz\u00e1n kiv\u00e1l\u00f3 negat\u00edv statisztika. Az els\u0151 7 km-en ak\u00e1r 10%-kal is emelkedhet a szintk\u00fcl\u00f6nbs\u00e9g, miel\u0151tt a profil megv\u00e1ltozik, \u00e9s elkezd\u0151dhetnek a gyors es\u00e9sek, kipr\u00f3b\u00e1lva a 20%-os r\u00e1mp\u00e1kkal rendelkez\u0151 leapfrog-p\u00e1ly\u00e1kat.<\/p>\n<p>Baleset a kit\u00f6r\u00e9sn\u00e9l, mik\u00f6zben az Engelhardt a lejtmenetben f\u00e9lrecs\u00faszik a rajtsz\u00e1m \u00e9l\u00e9n. A kit\u00f6r\u00e9s a nap legkor\u00e1bbi emelked\u0151j\u00e9hez, a vadonat\u00faj Mirador del Fit\u00f3hoz (7,1 km 7,9%-os szintk\u00fcl\u00f6nbs\u00e9ggel) vezet. A dupla szakaszgy\u0151ztes Pablo Castrillo is a kil\u00e1togat\u00f3k k\u00f6z\u00f6tt van.<\/p>\n","protected":false},"excerpt":{"rendered":"<p>Bejegyz\u00e9sek William hill es\u00e9ly &#8211; Vuelta a good Espa\u00f1a 2024 16. szakasz: \u00fatvonalak, profilok, filmek Az id\u0151 utols\u00f3 felemelked\u00e9s\u00e9t t\u00e1madva, hosszan tart\u00f3 t\u00e1mad\u00e1s Van Rysel Speed \u200b\u200bdos Enough time Sleeve feet coating v\u00e9lem\u00e9ny: A befektet\u00e9si m\u00e1rka a tapasztalt emberekre specializ\u00e1l\u00f3dott Lehet, hogy az\u00e9rt rohan, hogy f\u00e1kat \u00fcltessen egy andal\u00faziai bioparkban, ahol minden egyes kilom\u00e9ter, amit [&hellip;]<\/p>\n","protected":false},"author":2,"featured_media":0,"comment_status":"closed","ping_status":"open","sticky":false,"template":"","format":"standard","meta":[],"categories":[1],"tags":[],"_links":{"self":[{"href":"http:\/\/indiansojourns.in\/index.php?rest_route=\/wp\/v2\/posts\/134732"}],"collection":[{"href":"http:\/\/indiansojourns.in\/index.php?rest_route=\/wp\/v2\/posts"}],"about":[{"href":"http:\/\/indiansojourns.in\/index.php?rest_route=\/wp\/v2\/types\/post"}],"author":[{"embeddable":true,"href":"http:\/\/indiansojourns.in\/index.php?rest_route=\/wp\/v2\/users\/2"}],"replies":[{"embeddable":true,"href":"http:\/\/indiansojourns.in\/index.php?rest_route=%2Fwp%2Fv2%2Fcomments&post=134732"}],"version-history":[{"count":1,"href":"http:\/\/indiansojourns.in\/index.php?rest_route=\/wp\/v2\/posts\/134732\/revisions"}],"predecessor-version":[{"id":134733,"href":"http:\/\/indiansojourns.in\/index.php?rest_route=\/wp\/v2\/posts\/134732\/revisions\/134733"}],"wp:attachment":[{"href":"http:\/\/indiansojourns.in\/index.php?rest_route=%2Fwp%2Fv2%2Fmedia&parent=134732"}],"wp:term":[{"taxonomy":"category","embeddable":true,"href":"http:\/\/indiansojourns.in\/index.php?rest_route=%2Fwp%2Fv2%2Fcategories&post=134732"},{"taxonomy":"post_tag","embeddable":true,"href":"http:\/\/indiansojourns.in\/index.php?rest_route=%2Fwp%2Fv2%2Ftags&post=134732"}],"curies":[{"name":"wp","href":"https:\/\/api.w.org\/{rel}","templated":true}]}}